{"id":11593,"date":"2025-10-16T13:14:24","date_gmt":"2025-10-16T13:14:24","guid":{"rendered":"https:\/\/www.docline.com\/fr\/?p=11593"},"modified":"2025-10-16T13:19:45","modified_gmt":"2025-10-16T13:19:45","slug":"docline-finalise-une-levee-pour-accelerer-de-developpement-de-la-sante-digitale-b2b-au-maroc-et-a-linternational","status":"publish","type":"post","link":"https:\/\/www.docline.com\/fr\/blog\/docline-finalise-une-levee-pour-accelerer-de-developpement-de-la-sante-digitale-b2b-au-maroc-et-a-linternational\/","title":{"rendered":"Docline finalise une lev\u00e9e pour acc\u00e9l\u00e9rer de d\u00e9veloppement de la Sant\u00e9 Digitale B2B au Maroc et \u00e0 l&#8217;international"},"content":{"rendered":"\t\t<div data-elementor-type=\"wp-post\" data-elementor-id=\"11593\" class=\"elementor elementor-11593\" data-elementor-settings=\"[]\">\n\t\t\t\t\t\t\t<div class=\"elementor-section-wrap\">\n\t\t\t\t\t\t\t<section class=\"elementor-section elementor-top-section elementor-element elementor-element-19e501ae elementor-section-boxed elementor-section-height-default elementor-section-height-default\" data-id=\"19e501ae\" data-element_type=\"section\">\n\t\t\t\t\t\t<div class=\"elementor-container elementor-column-gap-default\">\n\t\t\t\t\t<div class=\"elementor-column elementor-col-100 elementor-top-column elementor-element elementor-element-3f7433d0\" data-id=\"3f7433d0\" data-element_type=\"column\">\n\t\t\t<div class=\"elementor-widget-wrap elementor-element-populated\">\n\t\t\t\t\t\t\t\t<div class=\"elementor-element elementor-element-05b22d9 elementor-widget elementor-widget-text-editor\" data-id=\"05b22d9\" data-element_type=\"widget\" data-widget_type=\"text-editor.default\">\n\t\t\t\t<div class=\"elementor-widget-container\">\n\t\t\t\t\t\t\t<p>La healthtech Docline, cofond\u00e9e par l\u2019entrepreneur marocain Omar Najid, franchit une nouvelle \u00e9tape dans son d\u00e9veloppement avec une lev\u00e9e aupr\u00e8s du fonds espagnol Arcano Partners ainsi que CDG Invest, \u00e0 travers son programme 212Founders, qui rejoignent un tour de table international et marocain comprenant notamment EmergingTech Ventures.<\/p><p class=\"p1\">Ce financement <strong>permettra \u00e0 Docline d\u2019acc\u00e9l\u00e9rer son expansion au Maroc, march\u00e9 cl\u00e9 en pleine digitalisation, et de renforcer son rayonnement international, notamment en Afrique francophone<\/strong>. Avec cette nouvelle \u00e9tape, Docline confirme son ambition de devenir un acteur de r\u00e9f\u00e9rence de la sant\u00e9 digitale en Afrique et en Europe.<\/p>\t\t\t\t\t\t<\/div>\n\t\t\t\t<\/div>\n\t\t\t\t<div class=\"elementor-element elementor-element-6ab3333 elementor-widget elementor-widget-heading\" data-id=\"6ab3333\" data-element_type=\"widget\" data-widget_type=\"heading.default\">\n\t\t\t\t<div class=\"elementor-widget-container\">\n\t\t\t<h2 class=\"elementor-heading-title elementor-size-default\">Docline, une plateforme de sant\u00e9 digitale B2B de r\u00e9f\u00e9rence<\/h2>\t\t<\/div>\n\t\t\t\t<\/div>\n\t\t\t\t<div class=\"elementor-element elementor-element-4236978 elementor-widget elementor-widget-text-editor\" data-id=\"4236978\" data-element_type=\"widget\" data-widget_type=\"text-editor.default\">\n\t\t\t\t<div class=\"elementor-widget-container\">\n\t\t\t\t\t\t\t<p class=\"p1\">Docline propose une solution de Virtual Care d\u00e9di\u00e9 aux payeurs et aux entreprises. R\u00e9gul\u00e9e au Maroc et en Europe, <strong>la plateforme garantit des services de sant\u00e9 \u00e0 distance s\u00e9curis\u00e9s et conformes aux standards internationaux<\/strong> (RGPD, HIPAA, r\u00e9glementations locales). Son track record s\u2019appuie sur des collaborations avec de grands assureurs et corporates, offrant des r\u00e9sultats probants en termes d\u2019efficacit\u00e9 et de satisfaction des patients.<\/p><p class=\"p1\">\u00abAvec plus de dix ans d\u2019exp\u00e9rience en sant\u00e9 digitale en Espagne, sur un march\u00e9 de 12 millions d\u2019assur\u00e9s priv\u00e9s et plus de 2 millions de patients d\u00e9j\u00e0 pris en charge \u00e0 distance, <strong>notre ambition est aujourd\u2019hui de mettre ce savoir-faire au service du syst\u00e8me de sant\u00e9 marocain<\/strong>. Nous voulons offrir aux assureurs et aux employeurs des solutions innovantes qui facilitent un acc\u00e8s rapide et \u00e9quitable aux soins\u00bb souligne Omar Najid, CEO et cofondateur de Docline.<\/p><p class=\"p1\">Au Maroc, Docline adresse le secteur corporate et assurantiel \u00e0 travers son offre de clinique virtuelle, qui propose des programmes personnalis\u00e9s de sant\u00e9 et de bien-\u00eatre. Ces dispositifs, couvrant la sant\u00e9 physique, mentale et nutritionnelle, <strong>apportent aux organisations des solutions concr\u00e8tes pour renforcer le bien-\u00eatre de leurs \u00e9quipes<\/strong> en garantissant aux salari\u00e9s un acc\u00e8s simple et continu aux soins.<\/p>\t\t\t\t\t\t<\/div>\n\t\t\t\t<\/div>\n\t\t\t\t<div class=\"elementor-element elementor-element-dc1d7a0 elementor-widget elementor-widget-heading\" data-id=\"dc1d7a0\" data-element_type=\"widget\" data-widget_type=\"heading.default\">\n\t\t\t\t<div class=\"elementor-widget-container\">\n\t\t\t<h2 class=\"elementor-heading-title elementor-size-default\">Un partenaire strat\u00e9gique pour l\u2019assurance et le corporate<\/h2>\t\t<\/div>\n\t\t\t\t<\/div>\n\t\t\t\t<div class=\"elementor-element elementor-element-37f198f elementor-widget elementor-widget-text-editor\" data-id=\"37f198f\" data-element_type=\"widget\" data-widget_type=\"text-editor.default\">\n\t\t\t\t<div class=\"elementor-widget-container\">\n\t\t\t\t\t\t\t<p class=\"p1\">Dans le secteur de l\u2019assurance en pleine mutation, marqu\u00e9 par la g\u00e9n\u00e9ralisation de l\u2019AMO (Assurance Maladie Obligatoire) et une demande croissante face \u00e0 une offre de soins encore limit\u00e9e, <strong>Docline se positionne comme un partenaire strat\u00e9gique pour les compagnies d\u2019assurance<\/strong>. Sp\u00e9cialiste de la sant\u00e9 digitale B2B, la scale-up propose <strong>une solution innovante qui \u00e9largit et simplifie l\u2019acc\u00e8s \u00e0 des soins de qualit\u00e9<\/strong>, en g\u00e9rant l\u2019ensemble du parcours de soins \u00e0 distance \u2013 de la consultation vid\u00e9o aux prescriptions \u00e9lectroniques, jusqu\u2019au suivi du patient.<\/p>\t\t\t\t\t\t<\/div>\n\t\t\t\t<\/div>\n\t\t\t\t<div class=\"elementor-element elementor-element-f95e4aa elementor-widget elementor-widget-heading\" data-id=\"f95e4aa\" data-element_type=\"widget\" data-widget_type=\"heading.default\">\n\t\t\t\t<div class=\"elementor-widget-container\">\n\t\t\t<h2 class=\"elementor-heading-title elementor-size-default\">Le Virtual Care, une r\u00e9ponse innovante pour le bien-\u00eatre des collaborateurs<\/h2>\t\t<\/div>\n\t\t\t\t<\/div>\n\t\t\t\t<div class=\"elementor-element elementor-element-e1a47ba elementor-widget elementor-widget-text-editor\" data-id=\"e1a47ba\" data-element_type=\"widget\" data-widget_type=\"text-editor.default\">\n\t\t\t\t<div class=\"elementor-widget-container\">\n\t\t\t\t\t\t\t<p class=\"p1\">Pour les employeurs, Docline d\u00e9veloppe une approche globale de la sant\u00e9 au travail, <strong>combinant m\u00e9decine g\u00e9n\u00e9rale, pr\u00e9vention et bien-\u00eatre<\/strong>. Dans un contexte o\u00f9 les employeurs marocains accordent une attention croissante \u00e0 la sant\u00e9 et \u00e0 la qualit\u00e9 de vie de leurs collaborateurs, la plateforme d\u00e9veloppe des programmes personnalis\u00e9s qui offrent un acc\u00e8s fluide, rapide et digitalis\u00e9 \u00e0 des professionnels de sant\u00e9 qualifi\u00e9s.<\/p><p class=\"p1\">Cette approche s\u2019inscrit dans un contexte o\u00f9 la sant\u00e9 au travail devient un enjeu central pour les organisations. Face \u00e0 la mont\u00e9e du stress professionnel et aux nouvelles attentes des salari\u00e9s, Docline ambitionne d\u2019offrir aux entreprises marocaines<strong> une solution cl\u00e9 en main, combinant technologie et accompagnement humain<\/strong>.<\/p>\t\t\t\t\t\t<\/div>\n\t\t\t\t<\/div>\n\t\t\t\t<div class=\"elementor-element elementor-element-924f5c6 elementor-widget elementor-widget-heading\" data-id=\"924f5c6\" data-element_type=\"widget\" data-widget_type=\"heading.default\">\n\t\t\t\t<div class=\"elementor-widget-container\">\n\t\t\t<h2 class=\"elementor-heading-title elementor-size-default\">Une expertise \u00e9prouv\u00e9e, au service du Maroc<\/h2>\t\t<\/div>\n\t\t\t\t<\/div>\n\t\t\t\t<div class=\"elementor-element elementor-element-cb12683 elementor-widget elementor-widget-text-editor\" data-id=\"cb12683\" data-element_type=\"widget\" data-widget_type=\"text-editor.default\">\n\t\t\t\t<div class=\"elementor-widget-container\">\n\t\t\t\t\t\t\t<p class=\"p1\">D\u00e9j\u00e0 \u00e9prouv\u00e9 en Espagne, o\u00f9 Docline f\u00e9d\u00e8re un <strong>r\u00e9seau de plus de 6 000 professionnels de sant\u00e9 et a pris en charge plus de 2 millions de patients<\/strong>, le mod\u00e8le du Virtual Care est d\u00e9sormais d\u00e9ploy\u00e9 au Maroc. La plateforme garantit <strong>une prise en charge en moins de 15 minutes, avec un taux de satisfaction de 97%<\/strong>, et compte d\u00e9j\u00e0 plus de 22 000 b\u00e9n\u00e9ficiaires. Cette exp\u00e9rience internationale positionne Docline comme un acteur de r\u00e9f\u00e9rence dans le virtual Care.<\/p>\t\t\t\t\t\t<\/div>\n\t\t\t\t<\/div>\n\t\t\t\t<div class=\"elementor-element elementor-element-4cdd598 elementor-widget elementor-widget-heading\" data-id=\"4cdd598\" data-element_type=\"widget\" data-widget_type=\"heading.default\">\n\t\t\t\t<div class=\"elementor-widget-container\">\n\t\t\t<h2 class=\"elementor-heading-title elementor-size-default\">Une vision port\u00e9e par l\u2019innovation<\/h2>\t\t<\/div>\n\t\t\t\t<\/div>\n\t\t\t\t<div class=\"elementor-element elementor-element-3110cfb elementor-widget elementor-widget-text-editor\" data-id=\"3110cfb\" data-element_type=\"widget\" data-widget_type=\"text-editor.default\">\n\t\t\t\t<div class=\"elementor-widget-container\">\n\t\t\t\t\t\t\t<p>Avec cette lev\u00e9e de fonds, Docline pr\u00e9voit d\u2019intensifier <strong>ses investissements dans l\u2019intelligence artificielle pour am\u00e9liorer l\u2019efficacit\u00e9 et la personnalisation de ses services<\/strong> au Maroc et \u00e0 l\u2019international. L\u2019entreprise ambitionne \u00e9galement de renforcer ses partenariats strat\u00e9giques, pour faire de la t\u00e9l\u00e9m\u00e9decine une solution accessible \u00e0 tous, partout.<\/p>\t\t\t\t\t\t<\/div>\n\t\t\t\t<\/div>\n\t\t\t\t<div class=\"elementor-element elementor-element-258cf0b elementor-widget elementor-widget-heading\" data-id=\"258cf0b\" data-element_type=\"widget\" data-widget_type=\"heading.default\">\n\t\t\t\t<div class=\"elementor-widget-container\">\n\t\t\t<h2 class=\"elementor-heading-title elementor-size-default\">\u00c0 propos de Docline<\/h2>\t\t<\/div>\n\t\t\t\t<\/div>\n\t\t\t\t<div class=\"elementor-element elementor-element-4ac2290 elementor-widget elementor-widget-text-editor\" data-id=\"4ac2290\" data-element_type=\"widget\" data-widget_type=\"text-editor.default\">\n\t\t\t\t<div class=\"elementor-widget-container\">\n\t\t\t\t\t\t\t<p>Docline est une healthtech sp\u00e9cialis\u00e9e dans la t\u00e9l\u00e9m\u00e9decine et la digitalisation du parcours de soins. Sa plateforme connecte patients, professionnels et institutions de sant\u00e9 afin de faciliter la consultation \u00e0 distance, am\u00e9liorer le suivi m\u00e9dical et renforcer l\u2019efficacit\u00e9 des syst\u00e8mes de sant\u00e9.<\/p>\t\t\t\t\t\t<\/div>\n\t\t\t\t<\/div>\n\t\t\t\t\t<\/div>\n\t\t<\/div>\n\t\t\t\t\t\t\t<\/div>\n\t\t<\/section>\n\t\t\t\t\t\t<\/div>\n\t\t\t\t\t<\/div>\n\t\t","protected":false},"excerpt":{"rendered":"<p>Docline franchit une nouvelle \u00e9tape dans son d\u00e9veloppement avec une lev\u00e9e aupr\u00e8s du fonds espagnol Arcano Partners ainsi que CDG Invest, \u00e0 travers son programme 212Founders, qui rejoignent un tour de table international et marocain comprenant notamment EmergingTech Ventures.<br \/>\nCe financement permettra \u00e0 Docline d\u2019acc\u00e9l\u00e9rer son expansion au Maroc, march\u00e9 cl\u00e9 en pleine digitalisation, et de renforcer son rayonnement international, notamment en Afrique francophone. Avec cette nouvelle \u00e9tape, Docline confirme son ambition de devenir un acteur de r\u00e9f\u00e9rence de la sant\u00e9 digitale en Afrique et en Europe.<\/p>\n","protected":false},"author":1,"featured_media":11595,"comment_status":"open","ping_status":"open","sticky":false,"template":"","format":"standard","meta":{"footnotes":""},"categories":[33,34],"tags":[59,27,278],"class_list":["post-11593","post","type-post","status-publish","format-standard","has-post-thumbnail","hentry","category-docline","category-salud-digital","tag-docline","tag-salud-digital","tag-sostenibilidad"],"yoast_head":"<!-- This site is optimized with the Yoast SEO plugin v26.4 - https:\/\/yoast.com\/wordpress\/plugins\/seo\/ -->\n<title>Docline finalise une lev\u00e9e pour d\u00e9veloppement de la Sant\u00e9 Digitale<\/title>\n<meta name=\"description\" content=\"Docline franchit une nouvelle \u00e9tape dans son d\u00e9veloppement avec une lev\u00e9e aupr\u00e8s du fonds espagnol Arcano Partners ainsi que CDG Invest.\" \/>\n<meta name=\"robots\" content=\"index, follow, max-snippet:-1, max-image-preview:large, max-video-preview:-1\" \/>\n<link rel=\"canonical\" href=\"https:\/\/www.docline.com\/fr\/blog\/docline-finalise-une-levee-pour-accelerer-de-developpement-de-la-sante-digitale-b2b-au-maroc-et-a-linternational\/\" \/>\n<meta property=\"og:locale\" content=\"es_ES\" \/>\n<meta property=\"og:type\" content=\"article\" \/>\n<meta property=\"og:title\" content=\"Docline finalise une lev\u00e9e pour d\u00e9veloppement de la Sant\u00e9 Digitale\" \/>\n<meta property=\"og:description\" content=\"Docline franchit une nouvelle \u00e9tape dans son d\u00e9veloppement avec une lev\u00e9e aupr\u00e8s du fonds espagnol Arcano Partners ainsi que CDG Invest.\" \/>\n<meta property=\"og:url\" content=\"https:\/\/www.docline.com\/fr\/blog\/docline-finalise-une-levee-pour-accelerer-de-developpement-de-la-sante-digitale-b2b-au-maroc-et-a-linternational\/\" \/>\n<meta property=\"og:site_name\" content=\"Docline\" \/>\n<meta property=\"article:published_time\" content=\"2025-10-16T13:14:24+00:00\" \/>\n<meta property=\"article:modified_time\" content=\"2025-10-16T13:19:45+00:00\" \/>\n<meta property=\"og:image\" content=\"https:\/\/www.docline.com\/fr\/wp-content\/uploads\/sites\/7\/2025\/10\/Imagen-Cofounders-Omar-Najid-y-Roberto-Medina-scaled.jpg\" \/>\n\t<meta property=\"og:image:width\" content=\"2560\" \/>\n\t<meta property=\"og:image:height\" content=\"1752\" \/>\n\t<meta property=\"og:image:type\" content=\"image\/jpeg\" \/>\n<meta name=\"author\" content=\"docline\" \/>\n<meta name=\"twitter:card\" content=\"summary_large_image\" \/>\n<meta name=\"twitter:label1\" content=\"Escrito por\" \/>\n\t<meta name=\"twitter:data1\" content=\"docline\" \/>\n\t<meta name=\"twitter:label2\" content=\"Tiempo de lectura\" \/>\n\t<meta name=\"twitter:data2\" content=\"4 minutos\" \/>\n<script type=\"application\/ld+json\" class=\"yoast-schema-graph\">{\"@context\":\"https:\/\/schema.org\",\"@graph\":[{\"@type\":\"Article\",\"@id\":\"https:\/\/www.docline.com\/fr\/blog\/docline-finalise-une-levee-pour-accelerer-de-developpement-de-la-sante-digitale-b2b-au-maroc-et-a-linternational\/#article\",\"isPartOf\":{\"@id\":\"https:\/\/www.docline.com\/fr\/blog\/docline-finalise-une-levee-pour-accelerer-de-developpement-de-la-sante-digitale-b2b-au-maroc-et-a-linternational\/\"},\"author\":{\"name\":\"docline\",\"@id\":\"https:\/\/www.docline.com\/fr\/#\/schema\/person\/c266dd3a154917d5f1a4f0073e96d2be\"},\"headline\":\"Docline finalise une lev\u00e9e pour acc\u00e9l\u00e9rer de d\u00e9veloppement de la Sant\u00e9 Digitale B2B au Maroc et \u00e0 l&#8217;international\",\"datePublished\":\"2025-10-16T13:14:24+00:00\",\"dateModified\":\"2025-10-16T13:19:45+00:00\",\"mainEntityOfPage\":{\"@id\":\"https:\/\/www.docline.com\/fr\/blog\/docline-finalise-une-levee-pour-accelerer-de-developpement-de-la-sante-digitale-b2b-au-maroc-et-a-linternational\/\"},\"wordCount\":799,\"commentCount\":0,\"publisher\":{\"@id\":\"https:\/\/www.docline.com\/fr\/#organization\"},\"image\":{\"@id\":\"https:\/\/www.docline.com\/fr\/blog\/docline-finalise-une-levee-pour-accelerer-de-developpement-de-la-sante-digitale-b2b-au-maroc-et-a-linternational\/#primaryimage\"},\"thumbnailUrl\":\"https:\/\/www.docline.com\/fr\/wp-content\/uploads\/sites\/7\/2025\/10\/Imagen-Cofounders-Omar-Najid-y-Roberto-Medina-scaled.jpg\",\"keywords\":[\"Docline\",\"Salud Digital\",\"Sostenibilidad\"],\"articleSection\":[\"Docline\",\"Salud Digital\"],\"inLanguage\":\"es\",\"potentialAction\":[{\"@type\":\"CommentAction\",\"name\":\"Comment\",\"target\":[\"https:\/\/www.docline.com\/fr\/blog\/docline-finalise-une-levee-pour-accelerer-de-developpement-de-la-sante-digitale-b2b-au-maroc-et-a-linternational\/#respond\"]}]},{\"@type\":\"WebPage\",\"@id\":\"https:\/\/www.docline.com\/fr\/blog\/docline-finalise-une-levee-pour-accelerer-de-developpement-de-la-sante-digitale-b2b-au-maroc-et-a-linternational\/\",\"url\":\"https:\/\/www.docline.com\/fr\/blog\/docline-finalise-une-levee-pour-accelerer-de-developpement-de-la-sante-digitale-b2b-au-maroc-et-a-linternational\/\",\"name\":\"Docline finalise une lev\u00e9e pour d\u00e9veloppement de la Sant\u00e9 Digitale\",\"isPartOf\":{\"@id\":\"https:\/\/www.docline.com\/fr\/#website\"},\"primaryImageOfPage\":{\"@id\":\"https:\/\/www.docline.com\/fr\/blog\/docline-finalise-une-levee-pour-accelerer-de-developpement-de-la-sante-digitale-b2b-au-maroc-et-a-linternational\/#primaryimage\"},\"image\":{\"@id\":\"https:\/\/www.docline.com\/fr\/blog\/docline-finalise-une-levee-pour-accelerer-de-developpement-de-la-sante-digitale-b2b-au-maroc-et-a-linternational\/#primaryimage\"},\"thumbnailUrl\":\"https:\/\/www.docline.com\/fr\/wp-content\/uploads\/sites\/7\/2025\/10\/Imagen-Cofounders-Omar-Najid-y-Roberto-Medina-scaled.jpg\",\"datePublished\":\"2025-10-16T13:14:24+00:00\",\"dateModified\":\"2025-10-16T13:19:45+00:00\",\"description\":\"Docline franchit une nouvelle \u00e9tape dans son d\u00e9veloppement avec une lev\u00e9e aupr\u00e8s du fonds espagnol Arcano Partners ainsi que CDG Invest.\",\"breadcrumb\":{\"@id\":\"https:\/\/www.docline.com\/fr\/blog\/docline-finalise-une-levee-pour-accelerer-de-developpement-de-la-sante-digitale-b2b-au-maroc-et-a-linternational\/#breadcrumb\"},\"inLanguage\":\"es\",\"potentialAction\":[{\"@type\":\"ReadAction\",\"target\":[\"https:\/\/www.docline.com\/fr\/blog\/docline-finalise-une-levee-pour-accelerer-de-developpement-de-la-sante-digitale-b2b-au-maroc-et-a-linternational\/\"]}]},{\"@type\":\"ImageObject\",\"inLanguage\":\"es\",\"@id\":\"https:\/\/www.docline.com\/fr\/blog\/docline-finalise-une-levee-pour-accelerer-de-developpement-de-la-sante-digitale-b2b-au-maroc-et-a-linternational\/#primaryimage\",\"url\":\"https:\/\/www.docline.com\/fr\/wp-content\/uploads\/sites\/7\/2025\/10\/Imagen-Cofounders-Omar-Najid-y-Roberto-Medina-scaled.jpg\",\"contentUrl\":\"https:\/\/www.docline.com\/fr\/wp-content\/uploads\/sites\/7\/2025\/10\/Imagen-Cofounders-Omar-Najid-y-Roberto-Medina-scaled.jpg\",\"width\":2560,\"height\":1752,\"caption\":\"Docline Cofounders - Omar Najid y Roberto Medina\"},{\"@type\":\"BreadcrumbList\",\"@id\":\"https:\/\/www.docline.com\/fr\/blog\/docline-finalise-une-levee-pour-accelerer-de-developpement-de-la-sante-digitale-b2b-au-maroc-et-a-linternational\/#breadcrumb\",\"itemListElement\":[{\"@type\":\"ListItem\",\"position\":1,\"name\":\"Portada\",\"item\":\"https:\/\/www.docline.com\/fr\/\"},{\"@type\":\"ListItem\",\"position\":2,\"name\":\"Docline finalise une lev\u00e9e pour acc\u00e9l\u00e9rer de d\u00e9veloppement de la Sant\u00e9 Digitale B2B au Maroc et \u00e0 l&#8217;international\"}]},{\"@type\":\"WebSite\",\"@id\":\"https:\/\/www.docline.com\/fr\/#website\",\"url\":\"https:\/\/www.docline.com\/fr\/\",\"name\":\"Docline\",\"description\":\"La plateforme de t\u00e9l\u00e9m\u00e9decine la plus compl\u00e8te du march\u00e9\",\"publisher\":{\"@id\":\"https:\/\/www.docline.com\/fr\/#organization\"},\"potentialAction\":[{\"@type\":\"SearchAction\",\"target\":{\"@type\":\"EntryPoint\",\"urlTemplate\":\"https:\/\/www.docline.com\/fr\/?s={search_term_string}\"},\"query-input\":{\"@type\":\"PropertyValueSpecification\",\"valueRequired\":true,\"valueName\":\"search_term_string\"}}],\"inLanguage\":\"es\"},{\"@type\":\"Organization\",\"@id\":\"https:\/\/www.docline.com\/fr\/#organization\",\"name\":\"Docline\",\"url\":\"https:\/\/www.docline.com\/fr\/\",\"logo\":{\"@type\":\"ImageObject\",\"inLanguage\":\"es\",\"@id\":\"https:\/\/www.docline.com\/fr\/#\/schema\/logo\/image\/\",\"url\":\"https:\/\/www.docline.com\/fr\/wp-content\/uploads\/sites\/7\/2021\/03\/cropped-Docline-Logo@2x.png\",\"contentUrl\":\"https:\/\/www.docline.com\/fr\/wp-content\/uploads\/sites\/7\/2021\/03\/cropped-Docline-Logo@2x.png\",\"width\":790,\"height\":190,\"caption\":\"Docline\"},\"image\":{\"@id\":\"https:\/\/www.docline.com\/fr\/#\/schema\/logo\/image\/\"}},{\"@type\":\"Person\",\"@id\":\"https:\/\/www.docline.com\/fr\/#\/schema\/person\/c266dd3a154917d5f1a4f0073e96d2be\",\"name\":\"docline\",\"image\":{\"@type\":\"ImageObject\",\"inLanguage\":\"es\",\"@id\":\"https:\/\/www.docline.com\/fr\/#\/schema\/person\/image\/\",\"url\":\"https:\/\/secure.gravatar.com\/avatar\/0303015759ab0f26d0610ef3b30de6c9a7f1655bb2b04a6ce985c2074d273066?s=96&d=mm&r=g\",\"contentUrl\":\"https:\/\/secure.gravatar.com\/avatar\/0303015759ab0f26d0610ef3b30de6c9a7f1655bb2b04a6ce985c2074d273066?s=96&d=mm&r=g\",\"caption\":\"docline\"},\"sameAs\":[\"https:\/\/new.docline.es\"]}]}<\/script>\n<!-- \/ Yoast SEO plugin. -->","yoast_head_json":{"title":"Docline finalise une lev\u00e9e pour d\u00e9veloppement de la Sant\u00e9 Digitale","description":"Docline franchit une nouvelle \u00e9tape dans son d\u00e9veloppement avec une lev\u00e9e aupr\u00e8s du fonds espagnol Arcano Partners ainsi que CDG Invest.","robots":{"index":"index","follow":"follow","max-snippet":"max-snippet:-1","max-image-preview":"max-image-preview:large","max-video-preview":"max-video-preview:-1"},"canonical":"https:\/\/www.docline.com\/fr\/blog\/docline-finalise-une-levee-pour-accelerer-de-developpement-de-la-sante-digitale-b2b-au-maroc-et-a-linternational\/","og_locale":"es_ES","og_type":"article","og_title":"Docline finalise une lev\u00e9e pour d\u00e9veloppement de la Sant\u00e9 Digitale","og_description":"Docline franchit une nouvelle \u00e9tape dans son d\u00e9veloppement avec une lev\u00e9e aupr\u00e8s du fonds espagnol Arcano Partners ainsi que CDG Invest.","og_url":"https:\/\/www.docline.com\/fr\/blog\/docline-finalise-une-levee-pour-accelerer-de-developpement-de-la-sante-digitale-b2b-au-maroc-et-a-linternational\/","og_site_name":"Docline","article_published_time":"2025-10-16T13:14:24+00:00","article_modified_time":"2025-10-16T13:19:45+00:00","og_image":[{"width":2560,"height":1752,"url":"https:\/\/www.docline.com\/fr\/wp-content\/uploads\/sites\/7\/2025\/10\/Imagen-Cofounders-Omar-Najid-y-Roberto-Medina-scaled.jpg","type":"image\/jpeg"}],"author":"docline","twitter_card":"summary_large_image","twitter_misc":{"Escrito por":"docline","Tiempo de lectura":"4 minutos"},"schema":{"@context":"https:\/\/schema.org","@graph":[{"@type":"Article","@id":"https:\/\/www.docline.com\/fr\/blog\/docline-finalise-une-levee-pour-accelerer-de-developpement-de-la-sante-digitale-b2b-au-maroc-et-a-linternational\/#article","isPartOf":{"@id":"https:\/\/www.docline.com\/fr\/blog\/docline-finalise-une-levee-pour-accelerer-de-developpement-de-la-sante-digitale-b2b-au-maroc-et-a-linternational\/"},"author":{"name":"docline","@id":"https:\/\/www.docline.com\/fr\/#\/schema\/person\/c266dd3a154917d5f1a4f0073e96d2be"},"headline":"Docline finalise une lev\u00e9e pour acc\u00e9l\u00e9rer de d\u00e9veloppement de la Sant\u00e9 Digitale B2B au Maroc et \u00e0 l&#8217;international","datePublished":"2025-10-16T13:14:24+00:00","dateModified":"2025-10-16T13:19:45+00:00","mainEntityOfPage":{"@id":"https:\/\/www.docline.com\/fr\/blog\/docline-finalise-une-levee-pour-accelerer-de-developpement-de-la-sante-digitale-b2b-au-maroc-et-a-linternational\/"},"wordCount":799,"commentCount":0,"publisher":{"@id":"https:\/\/www.docline.com\/fr\/#organization"},"image":{"@id":"https:\/\/www.docline.com\/fr\/blog\/docline-finalise-une-levee-pour-accelerer-de-developpement-de-la-sante-digitale-b2b-au-maroc-et-a-linternational\/#primaryimage"},"thumbnailUrl":"https:\/\/www.docline.com\/fr\/wp-content\/uploads\/sites\/7\/2025\/10\/Imagen-Cofounders-Omar-Najid-y-Roberto-Medina-scaled.jpg","keywords":["Docline","Salud Digital","Sostenibilidad"],"articleSection":["Docline","Salud Digital"],"inLanguage":"es","potentialAction":[{"@type":"CommentAction","name":"Comment","target":["https:\/\/www.docline.com\/fr\/blog\/docline-finalise-une-levee-pour-accelerer-de-developpement-de-la-sante-digitale-b2b-au-maroc-et-a-linternational\/#respond"]}]},{"@type":"WebPage","@id":"https:\/\/www.docline.com\/fr\/blog\/docline-finalise-une-levee-pour-accelerer-de-developpement-de-la-sante-digitale-b2b-au-maroc-et-a-linternational\/","url":"https:\/\/www.docline.com\/fr\/blog\/docline-finalise-une-levee-pour-accelerer-de-developpement-de-la-sante-digitale-b2b-au-maroc-et-a-linternational\/","name":"Docline finalise une lev\u00e9e pour d\u00e9veloppement de la Sant\u00e9 Digitale","isPartOf":{"@id":"https:\/\/www.docline.com\/fr\/#website"},"primaryImageOfPage":{"@id":"https:\/\/www.docline.com\/fr\/blog\/docline-finalise-une-levee-pour-accelerer-de-developpement-de-la-sante-digitale-b2b-au-maroc-et-a-linternational\/#primaryimage"},"image":{"@id":"https:\/\/www.docline.com\/fr\/blog\/docline-finalise-une-levee-pour-accelerer-de-developpement-de-la-sante-digitale-b2b-au-maroc-et-a-linternational\/#primaryimage"},"thumbnailUrl":"https:\/\/www.docline.com\/fr\/wp-content\/uploads\/sites\/7\/2025\/10\/Imagen-Cofounders-Omar-Najid-y-Roberto-Medina-scaled.jpg","datePublished":"2025-10-16T13:14:24+00:00","dateModified":"2025-10-16T13:19:45+00:00","description":"Docline franchit une nouvelle \u00e9tape dans son d\u00e9veloppement avec une lev\u00e9e aupr\u00e8s du fonds espagnol Arcano Partners ainsi que CDG Invest.","breadcrumb":{"@id":"https:\/\/www.docline.com\/fr\/blog\/docline-finalise-une-levee-pour-accelerer-de-developpement-de-la-sante-digitale-b2b-au-maroc-et-a-linternational\/#breadcrumb"},"inLanguage":"es","potentialAction":[{"@type":"ReadAction","target":["https:\/\/www.docline.com\/fr\/blog\/docline-finalise-une-levee-pour-accelerer-de-developpement-de-la-sante-digitale-b2b-au-maroc-et-a-linternational\/"]}]},{"@type":"ImageObject","inLanguage":"es","@id":"https:\/\/www.docline.com\/fr\/blog\/docline-finalise-une-levee-pour-accelerer-de-developpement-de-la-sante-digitale-b2b-au-maroc-et-a-linternational\/#primaryimage","url":"https:\/\/www.docline.com\/fr\/wp-content\/uploads\/sites\/7\/2025\/10\/Imagen-Cofounders-Omar-Najid-y-Roberto-Medina-scaled.jpg","contentUrl":"https:\/\/www.docline.com\/fr\/wp-content\/uploads\/sites\/7\/2025\/10\/Imagen-Cofounders-Omar-Najid-y-Roberto-Medina-scaled.jpg","width":2560,"height":1752,"caption":"Docline Cofounders - Omar Najid y Roberto Medina"},{"@type":"BreadcrumbList","@id":"https:\/\/www.docline.com\/fr\/blog\/docline-finalise-une-levee-pour-accelerer-de-developpement-de-la-sante-digitale-b2b-au-maroc-et-a-linternational\/#breadcrumb","itemListElement":[{"@type":"ListItem","position":1,"name":"Portada","item":"https:\/\/www.docline.com\/fr\/"},{"@type":"ListItem","position":2,"name":"Docline finalise une lev\u00e9e pour acc\u00e9l\u00e9rer de d\u00e9veloppement de la Sant\u00e9 Digitale B2B au Maroc et \u00e0 l&#8217;international"}]},{"@type":"WebSite","@id":"https:\/\/www.docline.com\/fr\/#website","url":"https:\/\/www.docline.com\/fr\/","name":"Docline","description":"La plateforme de t\u00e9l\u00e9m\u00e9decine la plus compl\u00e8te du march\u00e9","publisher":{"@id":"https:\/\/www.docline.com\/fr\/#organization"},"potentialAction":[{"@type":"SearchAction","target":{"@type":"EntryPoint","urlTemplate":"https:\/\/www.docline.com\/fr\/?s={search_term_string}"},"query-input":{"@type":"PropertyValueSpecification","valueRequired":true,"valueName":"search_term_string"}}],"inLanguage":"es"},{"@type":"Organization","@id":"https:\/\/www.docline.com\/fr\/#organization","name":"Docline","url":"https:\/\/www.docline.com\/fr\/","logo":{"@type":"ImageObject","inLanguage":"es","@id":"https:\/\/www.docline.com\/fr\/#\/schema\/logo\/image\/","url":"https:\/\/www.docline.com\/fr\/wp-content\/uploads\/sites\/7\/2021\/03\/cropped-Docline-Logo@2x.png","contentUrl":"https:\/\/www.docline.com\/fr\/wp-content\/uploads\/sites\/7\/2021\/03\/cropped-Docline-Logo@2x.png","width":790,"height":190,"caption":"Docline"},"image":{"@id":"https:\/\/www.docline.com\/fr\/#\/schema\/logo\/image\/"}},{"@type":"Person","@id":"https:\/\/www.docline.com\/fr\/#\/schema\/person\/c266dd3a154917d5f1a4f0073e96d2be","name":"docline","image":{"@type":"ImageObject","inLanguage":"es","@id":"https:\/\/www.docline.com\/fr\/#\/schema\/person\/image\/","url":"https:\/\/secure.gravatar.com\/avatar\/0303015759ab0f26d0610ef3b30de6c9a7f1655bb2b04a6ce985c2074d273066?s=96&d=mm&r=g","contentUrl":"https:\/\/secure.gravatar.com\/avatar\/0303015759ab0f26d0610ef3b30de6c9a7f1655bb2b04a6ce985c2074d273066?s=96&d=mm&r=g","caption":"docline"},"sameAs":["https:\/\/new.docline.es"]}]}},"_links":{"self":[{"href":"https:\/\/www.docline.com\/fr\/wp-json\/wp\/v2\/posts\/11593","targetHints":{"allow":["GET"]}}],"collection":[{"href":"https:\/\/www.docline.com\/fr\/wp-json\/wp\/v2\/posts"}],"about":[{"href":"https:\/\/www.docline.com\/fr\/wp-json\/wp\/v2\/types\/post"}],"author":[{"embeddable":true,"href":"https:\/\/www.docline.com\/fr\/wp-json\/wp\/v2\/users\/1"}],"replies":[{"embeddable":true,"href":"https:\/\/www.docline.com\/fr\/wp-json\/wp\/v2\/comments?post=11593"}],"version-history":[{"count":5,"href":"https:\/\/www.docline.com\/fr\/wp-json\/wp\/v2\/posts\/11593\/revisions"}],"predecessor-version":[{"id":11599,"href":"https:\/\/www.docline.com\/fr\/wp-json\/wp\/v2\/posts\/11593\/revisions\/11599"}],"wp:featuredmedia":[{"embeddable":true,"href":"https:\/\/www.docline.com\/fr\/wp-json\/wp\/v2\/media\/11595"}],"wp:attachment":[{"href":"https:\/\/www.docline.com\/fr\/wp-json\/wp\/v2\/media?parent=11593"}],"wp:term":[{"taxonomy":"category","embeddable":true,"href":"https:\/\/www.docline.com\/fr\/wp-json\/wp\/v2\/categories?post=11593"},{"taxonomy":"post_tag","embeddable":true,"href":"https:\/\/www.docline.com\/fr\/wp-json\/wp\/v2\/tags?post=11593"}],"curies":[{"name":"wp","href":"https:\/\/api.w.org\/{rel}","templated":true}]}}